{"id":2601,"date":"2024-07-15T10:56:57","date_gmt":"2024-07-15T14:56:57","guid":{"rendered":"https:\/\/decadmdev.uprrp.edu\/recursoshumanos\/?p=2601"},"modified":"2024-07-15T11:02:01","modified_gmt":"2024-07-15T15:02:01","slug":"calendario-de-procesos-administrativos-ano-fiscal-2024-2025","status":"publish","type":"post","link":"https:\/\/decadmdev.uprrp.edu\/recursoshumanos\/2024\/07\/15\/calendario-de-procesos-administrativos-ano-fiscal-2024-2025\/","title":{"rendered":"Calendario de Procesos Administrativos (A\u00f1o Fiscal 2024-2025)"},"content":{"rendered":"<p style=\"text-align: center;\">CALENDARIO DE PROCESOS ADMINISTRATIVOS<\/p>\n<p style=\"text-align: center;\">OFICINA DE RECURSOS HUMANOS<\/p>\n<p style=\"text-align: center;\"><strong>A\u00d1O FISCAL 2024-2025<\/strong><\/p>\n<table class=\" aligncenter\" width=\"720\">\n<tbody>\n<tr>\n<td width=\"144\">24 de mayo 2024<\/td>\n<td width=\"576\"><strong>Fecha L\u00edmite para ORH recibir documentos<\/strong> para Renovaciones de nombramientos temporeros no docentes, docentes-administrativos y docentes de ense\u00f1anza (consideraciones especiales) al 1 de julio de 2024<strong><sup>1<\/sup><\/strong><\/td>\n<\/tr>\n<tr>\n<td width=\"144\">29 de mayo 2024<\/td>\n<td width=\"576\"><strong>Fecha L\u00edmite para ORH recibir documentos <\/strong>para Nombramientos y Compensaciones docentes efectivas a la <strong>1<sup>ra<\/sup> y junio-julio <\/strong>sesi\u00f3n <strong>verano 2024 <\/strong><\/td>\n<\/tr>\n<tr>\n<td rowspan=\"2\" width=\"144\">1 de junio 2024<\/td>\n<td width=\"576\"><strong>Fecha L\u00edmite para ORH recibir documentos<\/strong> para Nombramientos docentes Escuela primaria y secundaria UPR al 1 agosto 2024<strong><sup>1<\/sup><\/strong><\/td>\n<\/tr>\n<tr>\n<td width=\"576\"><strong>Fecha L\u00edmite para ORH recibir<\/strong> las compensaciones adicionales no docentes efectivos al 1 julio 2024<strong><sup>1<\/sup><\/strong><\/td>\n<\/tr>\n<tr>\n<td rowspan=\"3\" width=\"144\">12 de junio 2024<\/td>\n<td width=\"576\">Activaci\u00f3n plan m\u00e9dico nombramientos docente y no docentes 1 julio 2024<strong><sup>1<\/sup><\/strong><\/td>\n<\/tr>\n<tr>\n<td width=\"576\"><strong>Fecha L\u00edmite para ORH recibir documentos<\/strong> para Nombramientos y Compensaciones docentes <strong>2<sup>da<\/sup> <\/strong>sesi\u00f3n <strong>verano 2024<\/strong><\/td>\n<\/tr>\n<tr>\n<td width=\"576\"><strong>Fecha L\u00edmite para ORH recibir solicitudes <\/strong>de Diferenciales efectivos al 1 julio 2024<strong><sup>1<\/sup><\/strong><\/td>\n<\/tr>\n<tr>\n<td rowspan=\"2\" width=\"144\">1-15 de julio 2024<\/td>\n<td width=\"576\">Activaci\u00f3n plan m\u00e9dico nombramientos docentes 1 agosto 2024<strong><sup>1<\/sup><\/strong><\/td>\n<\/tr>\n<tr>\n<td width=\"576\"><strong>Fecha L\u00edmite para ORH recibir <\/strong>registro asistencia docente y no docente al 30 junio 2024<\/td>\n<\/tr>\n<tr>\n<td width=\"144\">3 de julio 2024<\/td>\n<td width=\"576\"><strong>Fecha L\u00edmite para ORH recibir documentos<\/strong> para Nombramientos <strong>no docentes<\/strong> efectivos al 1 agosto 2024<strong><sup>1 <\/sup><\/strong><\/td>\n<\/tr>\n<tr>\n<td rowspan=\"3\" width=\"144\">15 de julio 2024<\/td>\n<td width=\"576\"><strong>Fecha L\u00edmite para ORH recibir documentos<\/strong> para Nombramientos <strong>docentes<\/strong> 1<sup>er<\/sup> semestre 2024-2025<strong><sup>1<\/sup> <\/strong><strong>con oferta acad\u00e9mica de 100%<\/strong><\/td>\n<\/tr>\n<tr>\n<td width=\"576\"><strong>Fecha L\u00edmite para ORH recibir solicitudes <\/strong>de Diferenciales efectivos al 1 agosto 2024<strong><sup>1<\/sup><\/strong><\/td>\n<\/tr>\n<tr>\n<td width=\"576\"><strong>Fecha L\u00edmite para ORH recibir <\/strong>Compensaciones adicionales no docentes efectivos al 1 agosto 2024<strong><sup>1<\/sup><\/strong><\/td>\n<\/tr>\n<tr>\n<td width=\"144\">29 de julio 2024<\/td>\n<td width=\"576\"><strong>Fecha L\u00edmite para ORH recibir documentos para Nombramientos docentes 1<sup>er<\/sup> semestre 2024-20251 <\/strong><strong>con oferta acad\u00e9mica menor al 100%<\/strong><\/td>\n<\/tr>\n<tr>\n<td rowspan=\"3\" width=\"144\">1-15 de agosto 2024<\/td>\n<td width=\"576\"><strong>Fecha L\u00edmite para ORH recibir documentos<\/strong> para Nombramientos no docentes efectivos al 1 septiembre 2024 <strong><sup>1<\/sup><\/strong><\/td>\n<\/tr>\n<tr>\n<td width=\"576\"><strong>Fecha L\u00edmite para ORH recibir <\/strong>Compensaciones adicionales no docentes efectivos al 1 septiembre 2024 <strong><sup>1<\/sup><\/strong><\/td>\n<\/tr>\n<tr>\n<td width=\"576\">Activaci\u00f3n plan m\u00e9dico nombramientos docentes 12 agosto 2024<strong><sup>1<\/sup><\/strong><\/td>\n<\/tr>\n<tr>\n<td rowspan=\"2\" width=\"144\">20-30 de agosto 2024<\/td>\n<td width=\"576\"><strong>Fecha L\u00edmite para ORH recibir <\/strong>compensaciones adicionales docentes 1<sup>er<\/sup> semestre 2024<strong><sup>1<\/sup><\/strong><\/td>\n<\/tr>\n<tr>\n<td width=\"576\">Informe de ORH a Junta Administrativa permanencias 1 julio 2026<\/td>\n<\/tr>\n<tr>\n<td width=\"144\">6 septiembre 2024<\/td>\n<td width=\"576\"><strong>Comienza Veda electoral<\/strong> <sup>2<\/sup><\/td>\n<\/tr>\n<tr>\n<td width=\"144\">2 al 30 sept. 2024<\/td>\n<td width=\"576\">Talleres capacitaci\u00f3n empleados No Docentes y Supervisores: Uso Sistema de Registro Electr\u00f3nica de Asistencia<\/td>\n<\/tr>\n<tr>\n<td width=\"144\">1 de octubre 2024<\/td>\n<td width=\"576\">Comienza el Registro Electr\u00f3nica de Asistencia- empleados No Docentes.<\/td>\n<\/tr>\n<tr>\n<td width=\"144\">10 al 15 de nov 2024<\/td>\n<td width=\"576\">Certificaci\u00f3n bono de navidad<\/td>\n<\/tr>\n<tr>\n<td rowspan=\"3\" width=\"144\">15 diciembre 2024<\/td>\n<td width=\"576\"><strong>Fecha L\u00edmite para ORH recibir documentos<\/strong> para Nombramientos docentes 2<sup>do<\/sup> semestre enero 2024<strong><sup>1<\/sup><\/strong><\/td>\n<\/tr>\n<tr>\n<td width=\"576\"><strong>Fecha L\u00edmite para ORH recibir documentos <\/strong>para Nombramientos no docentes efectivos al 15 enero 2025<sup> <strong>1<\/strong><\/sup><\/td>\n<\/tr>\n<tr>\n<td width=\"576\">ORH solicita Plan de vacaciones 2025<\/td>\n<\/tr>\n<tr>\n<td width=\"144\">4 enero 2025<\/td>\n<td width=\"576\"><strong>Termina Veda electoral<\/strong><\/td>\n<\/tr>\n<tr>\n<td rowspan=\"2\" width=\"144\">15 enero 2025<\/td>\n<td width=\"576\">Entrega Plan de vacaciones 2025<\/td>\n<\/tr>\n<tr>\n<td width=\"576\"><strong>Fecha L\u00edmite para ORH recibir documentos<\/strong> para Nombramientos no docentes efectivos al 1 febrero 2025<strong><sup>1<\/sup><\/strong><\/td>\n<\/tr>\n<tr>\n<td rowspan=\"2\" width=\"144\">30 enero 2025<\/td>\n<td width=\"576\">Notificaci\u00f3n de empleo y\/o participaci\u00f3n en actividades con o sin fines de lucro fuera de horas regulares de trabajo<\/td>\n<\/tr>\n<tr>\n<td width=\"576\">Notificaci\u00f3n unidades balance licencias en exceso<\/td>\n<\/tr>\n<tr>\n<td width=\"144\">15 febrero 2025<\/td>\n<td width=\"576\"><strong>Fecha L\u00edmite para ORH recibir documentos<\/strong> para Nombramientos no docentes efectivos al 1 marzo 2025<strong><sup>1<\/sup><\/strong><\/td>\n<\/tr>\n<tr>\n<td width=\"144\">15 marzo 2025<\/td>\n<td width=\"576\"><strong>Fecha L\u00edmite para ORH recibir documentos<\/strong> para Nombramientos no docentes efectivos al 1 abril 2025<strong><sup>1<\/sup><\/strong><\/td>\n<\/tr>\n<tr>\n<td rowspan=\"2\" width=\"144\">30 abril 2025<\/td>\n<td width=\"576\">Informe de ORH a Junta Administrativa-ascensos en rango 1 julio 2026<\/td>\n<\/tr>\n<tr>\n<td width=\"576\">Capacitaci\u00f3n Unidades (Procesos de Reclutamiento-Clasificaci\u00f3n-Retribuci\u00f3n-Nombramientos-Cambios-Lic. Beneficios Marginales y PAE)<\/td>\n<\/tr>\n<\/tbody>\n<\/table>\n<p style=\"text-align: left;\"><strong><sup>1<\/sup> <\/strong>condicionados al presupuesto que finalmente se apruebe al RP 2024-2025. \u00a0\u00a0<strong><sup>2<\/sup><\/strong> en espera que ORH-AC divulgue\u00a0<em>Directrices de Aplicaci\u00f3n Uniforme.<\/em><\/p>\n<p style=\"text-align: left;\"><a href=\"https:\/\/decadmdev.uprrp.edu\/recursoshumanos\/wp-content\/uploads\/sites\/2\/2024\/07\/CALENDARIO-DE-PROCESOS-ADMINISTRATIVOS-OFICINA-DE-RECURSOS-HUMANOS-14-JUNIO-2024.pdf\" target=\"_blank\" rel=\"noopener\">Versi\u00f3n imprimible [+]<\/a><\/p>\n<p>&nbsp;<\/p>\n<p style=\"text-align: left;\">14 Ave. Universidad Suite 1401<\/p>\n<p style=\"text-align: left;\">San Juan, PR 00925-2534<\/p>\n<p style=\"text-align: left;\">787-764-0000 Exts. 84405, 84400<\/p>\n<p style=\"text-align: left;\"><a href=\"mailto:recursos.humanosrp@upr.edu\">recursos.humanosrp@upr.edu<\/a><\/p>\n<p style=\"text-align: left;\">Patrono con Igualdad de Oportunidades en el Empleo M\/M\/V\/I<\/p>\n","protected":false},"excerpt":{"rendered":"<p>CALENDARIO DE PROCESOS ADMINISTRATIVOS OFICINA DE RECURSOS HUMANOS A\u00d1O FISCAL 2024-2025 24 de mayo 2024 Fecha L\u00edmite para ORH recibir documentos para Renovaciones de nombramientos temporeros no docentes, docentes-administrativos y [&hellip;]<\/p>\n","protected":false},"author":2,"featured_media":0,"comment_status":"closed","ping_status":"closed","sticky":false,"template":"","format":"standard","meta":{"_themeisle_gutenberg_block_has_review":false,"footnotes":""},"categories":[43,46],"tags":[],"class_list":["post-2601","post","type-post","status-publish","format-standard","hentry","category-avisos","category-calendario"],"rttpg_featured_image_url":null,"rttpg_author":{"display_name":"wilmarie","author_link":"https:\/\/decadmdev.uprrp.edu\/recursoshumanos\/author\/wilmarie\/"},"rttpg_comment":0,"rttpg_category":"<a href=\"https:\/\/decadmdev.uprrp.edu\/recursoshumanos\/category\/avisos\/\" rel=\"category tag\">Avisos<\/a> <a href=\"https:\/\/decadmdev.uprrp.edu\/recursoshumanos\/category\/avisos\/calendario\/\" rel=\"category tag\">Calendario<\/a>","rttpg_excerpt":"CALENDARIO DE PROCESOS ADMINISTRATIVOS OFICINA DE RECURSOS HUMANOS A\u00d1O FISCAL 2024-2025 24 de mayo 2024 Fecha L\u00edmite para ORH recibir documentos para Renovaciones de nombramientos temporeros no docentes, docentes-administrativos y [&hellip;]","_links":{"self":[{"href":"https:\/\/decadmdev.uprrp.edu\/recursoshumanos\/wp-json\/wp\/v2\/posts\/2601","targetHints":{"allow":["GET"]}}],"collection":[{"href":"https:\/\/decadmdev.uprrp.edu\/recursoshumanos\/wp-json\/wp\/v2\/posts"}],"about":[{"href":"https:\/\/decadmdev.uprrp.edu\/recursoshumanos\/wp-json\/wp\/v2\/types\/post"}],"author":[{"embeddable":true,"href":"https:\/\/decadmdev.uprrp.edu\/recursoshumanos\/wp-json\/wp\/v2\/users\/2"}],"replies":[{"embeddable":true,"href":"https:\/\/decadmdev.uprrp.edu\/recursoshumanos\/wp-json\/wp\/v2\/comments?post=2601"}],"version-history":[{"count":2,"href":"https:\/\/decadmdev.uprrp.edu\/recursoshumanos\/wp-json\/wp\/v2\/posts\/2601\/revisions"}],"predecessor-version":[{"id":2610,"href":"https:\/\/decadmdev.uprrp.edu\/recursoshumanos\/wp-json\/wp\/v2\/posts\/2601\/revisions\/2610"}],"wp:attachment":[{"href":"https:\/\/decadmdev.uprrp.edu\/recursoshumanos\/wp-json\/wp\/v2\/media?parent=2601"}],"wp:term":[{"taxonomy":"category","embeddable":true,"href":"https:\/\/decadmdev.uprrp.edu\/recursoshumanos\/wp-json\/wp\/v2\/categories?post=2601"},{"taxonomy":"post_tag","embeddable":true,"href":"https:\/\/decadmdev.uprrp.edu\/recursoshumanos\/wp-json\/wp\/v2\/tags?post=2601"}],"curies":[{"name":"wp","href":"https:\/\/api.w.org\/{rel}","templated":true}]}}